{"headers": {"id": "ID", "ano": "Ano", "numero": "N\u00famero", "tipo__sigla": "Tipo Documento/Sigla", "tipo__descricao": "Tipo Documento/Descri\u00e7\u00e3o", "assunto": "Assunto"}, "results": [{"id": "927", "ano": "2026", "numero": "1", "tipo__sigla": "COM", "tipo__descricao": "Comunicado", "assunto": "Antecipa\u00e7\u00e3o da 4\u00aa Sess\u00e3o Ordin\u00e1ria do m\u00eas de mar\u00e7o de 2026, originalmente marcada para o dia 25, \u00e0s 19h, ser\u00e1 antecipada para o dia 24, ficando mantido o hor\u00e1rio."}]}